{"id":9657,"date":"2025-01-01T00:00:00","date_gmt":"2024-12-31T23:00:00","guid":{"rendered":"https:\/\/moms-garden.de\/waldkicker-inne-start-the-2025-26-season-together\/"},"modified":"2025-01-01T00:00:00","modified_gmt":"2024-12-31T23:00:00","slug":"waldkicker-inne-start-the-2025-26-season-together","status":"publish","type":"post","link":"https:\/\/moms-garden.de\/en\/waldkicker-inne-start-the-2025-26-season-together\/","title":{"rendered":"Waldkicker &amp; inne\u00ae start the 2025\/26 season together"},"content":{"rendered":"\t\t<div data-elementor-type=\"wp-post\" data-elementor-id=\"9657\" class=\"elementor elementor-9657 elementor-9105\" data-elementor-post-type=\"post\">\n\t\t\t\t<div class=\"elementor-element elementor-element-62a8db74 e-flex e-con-boxed e-con e-parent\" data-id=\"62a8db74\" data-element_type=\"container\" data-e-type=\"container\" data-settings=\"{&quot;jet_parallax_layout_list&quot;:[]}\">\n\t\t\t\t\t<div class=\"e-con-inner\">\n\t\t\t\t<div class=\"elementor-element elementor-element-7d65ccf6 elementor-widget elementor-widget-text-editor\" data-id=\"7d65ccf6\" data-element_type=\"widget\" data-e-type=\"widget\" data-widget_type=\"text-editor.default\">\n\t\t\t\t\t\t\t\t\t<div class=\"content-section px-7 sm:px-10 md:px-16 lg:px-20 mt-7 md:mt-10 mb-7 md:mb-10 text-section\"><div class=\"wysiwyg text-left mx-auto max-w-text\"><p><strong>F\u00fcr die Stars von morgen \u2013 auf und neben dem Platz!<\/strong><\/p><p>Die <strong>Waldkicker<\/strong> und <strong>inne<sup>\u00ae<\/sup><\/strong> gehen in die n\u00e4chste Runde: Auch in der Saison 2025\/26 bleibt inne offizieller Hauptsponsor der bundesweiten Non-Profit-Organisation und begleitet die Teams weiterhin dabei, Fu\u00dfball, Nachhaltigkeit und soziale Verantwortung zu verbinden. Wie schon im vergangenen Jahr wird das<strong> inne<sup>\u00ae<\/sup> -Logo <\/strong>auf allen <strong>50 Trikots\u00e4tzen<\/strong> der Waldkicker-Teams in ganz Deutschland zu sehen sein \u2013 ein starkes Zeichen f\u00fcr gemeinsame Werte und gesundes Wachstum.<\/p><\/div><\/div><div class=\"content-section px-7 sm:px-10 md:px-16 lg:px-20 mt-7 md:mt-10 mb-7 md:mb-10\"><div class=\"max-w-text mx-auto\"><figure class=\"-mx-4 lg:mx-0\"><div class=\"relative\" style=\"clip-path: url('\/#svg-organic-box-full');\"><picture class=\"\"> <source srcset=\"\/_default_upload_bucket\/314\/image-thumb__314__text\/Bild%20Waldkicker.73f91e18.avif 1x, \/_default_upload_bucket\/314\/image-thumb__314__text\/Bild%20Waldkicker@2x.73f91e18.avif 2x\" type=\"image\/avif\" \/><\/picture><br \/><picture class=\"\"><source srcset=\"\/_default_upload_bucket\/314\/image-thumb__314__text\/Bild%20Waldkicker.a12c2303.webp 1x, \/_default_upload_bucket\/314\/image-thumb__314__text\/Bild%20Waldkicker@2x.a12c2303.webp 2x\" type=\"image\/webp\" \/><\/picture><br \/><picture class=\"\"><source srcset=\"\/_default_upload_bucket\/314\/image-thumb__314__text\/Bild%20Waldkicker.a12c2303.jpg 1x, \/_default_upload_bucket\/314\/image-thumb__314__text\/Bild%20Waldkicker@2x.a12c2303.jpg 2x\" type=\"image\/jpeg\" \/><\/picture><br \/><picture class=\"\"><img fetchpriority=\"high\" decoding=\"async\" class=\"block w-full\" src=\"\/_default_upload_bucket\/314\/image-thumb__314__text\/Bild%20Waldkicker.a12c2303.jpg\" srcset=\"\/_default_upload_bucket\/314\/image-thumb__314__text\/Bild%20Waldkicker.a12c2303.jpg 1x, \/_default_upload_bucket\/314\/image-thumb__314__text\/Bild%20Waldkicker@2x.a12c2303.jpg 2x\" alt=\"\" width=\"600\" height=\"699\" \/><\/picture><\/div><\/figure><\/div><\/div><div class=\"content-section px-7 sm:px-10 md:px-16 lg:px-20 mt-7 md:mt-10 mb-7 md:mb-10 text-section\"><div class=\"wysiwyg text-left mx-auto max-w-text\"><h2>Unsere Mission: gesunde Zukunft f\u00fcr Kinder<\/h2><p>Bei <strong>inne<sup>\u00ae<\/sup><\/strong> steht nicht nur die F\u00f6rderung von <strong>Nachhaltigkeit <\/strong>im Fokus. Unsere Leidenschaft gilt auch der <strong>gesunden Entwicklung von Kindern<\/strong>. Darum m\u00f6chten wir den jungen Spielerinnen und Spielern das <strong>Beste an Vitaminen und Mineralstoffen<\/strong> an die Hand geben \u2013 f\u00fcr starke Knochen, ein starkes Immunsystem und ein gesundes Gro\u00dfwerden. So k\u00f6nnen sie auf und neben dem Platz ihr volles Potenzial entfalten.<\/p><\/div><\/div><div class=\"content-section px-7 sm:px-10 md:px-16 lg:px-20 mt-7 md:mt-10 mb-7 md:mb-10 text-section\"><div class=\"wysiwyg text-left mx-auto max-w-text\"><h2>R\u00fcckblick auf eine starke Premiere<\/h2><p>Die erste gemeinsame Saison war ein voller Erfolg: Dank der Unterst\u00fctzung von inne<sup>\u00ae<\/sup> erlebten die Waldkicker unvergessliche Highlights \u2013 von <strong>Weihnachts\u00fcberraschungen f\u00fcr alle Kids<\/strong> bis hin zu spannenden Elternaktionen rund um das Thema <strong>gesunde Ern\u00e4hrung<\/strong>.<\/p><p>Kr\u00f6nender Abschluss war das gro\u00dfe <strong>Saisonfinale in Hoffenheim<\/strong>, bei dem die nachhaltigsten Teams aus ganz Deutschland gegeneinander antraten. Das von inne<sup>\u00ae<\/sup> er\u00f6ffnete Welcome-Event und die <strong>Troph\u00e4en-\u00dcbergabe<\/strong> an alle Kinder sorgten f\u00fcr strahlende Gesichter. Neu in 2025\/26: der gro\u00dfe Aktionsmonat In der neuen Saison gibt es ein zus\u00e4tzliches Highlight: Ein Aktionsmonat mit inne , in dem die Teams durch gemeinsame Projekte extra Nachhaltigkeitspunkte sammeln k\u00f6nnen \u2013 und damit ihre Platzierung in der Waldkicker-Liga verbessern. So vertieft inne sein Engagement und f\u00f6rdert die Bildung, Gesundheit und den Teamgeist der Kinder noch gezielter. Wir freuen uns, diese Partnerschaft weiter auszubauen und gemeinsam eine Saison voller Fu\u00dfball, Engagement und gesunder Ideen zu gestalten.<\/p><\/div><\/div><div class=\"content-section px-7 sm:px-10 md:px-16 lg:px-20 mt-7 md:mt-10 mb-7 md:mb-10 text-section\"><div class=\"wysiwyg text-left mx-auto max-w-text\"><h2>Neu in 2025\/26: der gro\u00dfe Aktionsmonat<\/h2><p><strong>In der neuen Saison gibt es ein zus\u00e4tzliches Highlight:<\/strong><br \/>Ein <strong>Aktionsmonat mit inne<sup>\u00ae<\/sup><\/strong>, in dem die Teams durch gemeinsame Projekte extra Nachhaltigkeitspunkte sammeln k\u00f6nnen \u2013 und damit ihre Platzierung in der Waldkicker-Liga verbessern.<br \/>So vertieft <strong>inne<sup>\u00ae<\/sup><\/strong> sein Engagement und f\u00f6rdert die <strong>Bildung, Gesundheit und den Teamgeist<\/strong> der Kinder noch gezielter.<br \/>Wir freuen uns, diese Partnerschaft weiter auszubauen und gemeinsam eine Saison voller <strong>Fu\u00dfball, Engagement und gesunder Ideen<\/strong> zu gestalten.<\/p><\/div><\/div>\t\t\t\t\t\t\t\t<\/div>\n\t\t\t\t\t<\/div>\n\t\t\t\t<\/div>\n\t\t\t\t<\/div>\n\t\t","protected":false},"excerpt":{"rendered":"<p>Our mission is to promote the development of children. For this reason, Mom&#8217;s Garden has been supporting the innovative education and awareness project &#8220;Waldkicker&#8221; since 2024. <\/p>\n","protected":false},"author":1,"featured_media":9659,"comment_status":"closed","ping_status":"closed","sticky":false,"template":"","format":"standard","meta":{"_jet_sm_ready_style":"","_jet_sm_style":"","_jet_sm_controls_values":"","_jet_sm_fonts_collection":"","_jet_sm_fonts_links":"","footnotes":""},"categories":[35],"tags":[],"class_list":["post-9657","post","type-post","status-publish","format-standard","has-post-thumbnail","hentry","category-social-commitment"],"_links":{"self":[{"href":"https:\/\/moms-garden.de\/en\/wp-json\/wp\/v2\/posts\/9657","targetHints":{"allow":["GET"]}}],"collection":[{"href":"https:\/\/moms-garden.de\/en\/wp-json\/wp\/v2\/posts"}],"about":[{"href":"https:\/\/moms-garden.de\/en\/wp-json\/wp\/v2\/types\/post"}],"author":[{"embeddable":true,"href":"https:\/\/moms-garden.de\/en\/wp-json\/wp\/v2\/users\/1"}],"replies":[{"embeddable":true,"href":"https:\/\/moms-garden.de\/en\/wp-json\/wp\/v2\/comments?post=9657"}],"version-history":[{"count":0,"href":"https:\/\/moms-garden.de\/en\/wp-json\/wp\/v2\/posts\/9657\/revisions"}],"wp:featuredmedia":[{"embeddable":true,"href":"https:\/\/moms-garden.de\/en\/wp-json\/wp\/v2\/media\/9659"}],"wp:attachment":[{"href":"https:\/\/moms-garden.de\/en\/wp-json\/wp\/v2\/media?parent=9657"}],"wp:term":[{"taxonomy":"category","embeddable":true,"href":"https:\/\/moms-garden.de\/en\/wp-json\/wp\/v2\/categories?post=9657"},{"taxonomy":"post_tag","embeddable":true,"href":"https:\/\/moms-garden.de\/en\/wp-json\/wp\/v2\/tags?post=9657"}],"curies":[{"name":"wp","href":"https:\/\/api.w.org\/{rel}","templated":true}]}}